{"id":7813,"date":"2018-07-02T12:35:30","date_gmt":"2018-07-02T10:35:30","guid":{"rendered":"http:\/\/giusseppe.net\/blog\/?p=7813"},"modified":"2018-07-02T12:35:30","modified_gmt":"2018-07-02T10:35:30","slug":"que-son-las-vacaciones","status":"publish","type":"post","link":"https:\/\/www.giusseppe.net\/blog\/archivo\/2018\/07\/02\/que-son-las-vacaciones\/","title":{"rendered":"\u00bfQu\u00e9 son las vacaciones?"},"content":{"rendered":"<p>Vacaciones: <\/p>\n<p>Dice la RAE que vacaci\u00f3n proviene del lat. vacatio, -onis. 1. f. <strong>Descanso temporal de una actividad habitual, principalmente del trabajo remunerado o de los estudios<\/strong>. U. m. en pl. 2. f. Tiempo que dura la cesaci\u00f3n del trabajo. U. m. en pl. 3. f. p. us. Acci\u00f3n de vacar (? quedar un empleo sin persona que lo desempe\u00f1e). 4. f. p. us. Cargo o dignidad que est\u00e1 vacante.<\/p>\n<p>Me ha hecho especial gracia la acci\u00f3n de vacar:<\/p>\n<p><strong>vacar<\/strong>: Del lat. vacare. 1. intr. Dicho de una persona: Cesar por alg\u00fan tiempo en sus habituales negocios, estudios o trabajo. 2. intr. Dicho de un empleo, de un cargo o de una dignidad: Quedar sin persona que lo desempe\u00f1e o posea. 3. intr. Dedicarse o entregarse enteramente a un ejercicio determinado. 4. intr. Estar falto, carecer. No vac\u00f3 DE misterio.<\/p>\n<p>Pero yo me pregunto otra cosa:<\/p>\n<p>\u00bfQu\u00e9 necesidad hay de tomarse un descanso de la habitual actividad? \u00bfNo tiene que ver con la alienaci\u00f3n relacionada de trabajar u obtener remuneraci\u00f3n de actividades que no nos hacen felices en general?<\/p>\n<p>Preguntado de otro modo, \u00bfes precioso y preciso tomarse vacaciones de cualquier cosa, sea lo que sea?<\/p>\n<p>Y si la actividad habitual fuese estar de vacaciones&#8230; \u00bfCu\u00e1l ser\u00eda la forma de tomarse vacaciones? \u00bfEs posible semejante oximor\u00f3n?<\/p>\n<p>La mente me funciona despacio.<br \/>\nNo act\u00fao ni pienso con la celeridad habitual.<br \/>\n\u00bfEs necesaria esa celeridad? \u00bfEs saludable? \u00bfSostenible?<\/p>\n<p>No s\u00e9 responder.<br \/>\nNo s\u00e9.<\/p>\n<p>Mi mente, quiera yo o no, se ha ido de vacaciones.<\/p>\n","protected":false},"excerpt":{"rendered":"<p>Vacaciones: Dice la RAE que vacaci\u00f3n proviene del lat. vacatio, -onis. 1. f. Descanso temporal de una actividad habitual, principalmente del trabajo remunerado o de los estudios. U. m. en pl. 2. f. Tiempo que dura la cesaci\u00f3n del trabajo. U. m. en pl. 3. f. p. us. Acci\u00f3n de vacar (? quedar un empleo &#8230; <a title=\"\u00bfQu\u00e9 son las vacaciones?\" class=\"read-more\" href=\"https:\/\/www.giusseppe.net\/blog\/archivo\/2018\/07\/02\/que-son-las-vacaciones\/\">Read more<span class=\"screen-reader-text\">\u00bfQu\u00e9 son las vacaciones?<\/span><\/a><\/p>\n","protected":false},"author":1,"featured_media":0,"comment_status":"closed","ping_status":"closed","sticky":false,"template":"","format":"standard","meta":{"footnotes":""},"categories":[69,14],"tags":[162,112,87],"class_list":["post-7813","post","type-post","status-publish","format-standard","hentry","category-confidencias","category-opinion","tag-diccionario","tag-giusseppe","tag-modo-de-vida"],"_links":{"self":[{"href":"https:\/\/www.giusseppe.net\/blog\/wp-json\/wp\/v2\/posts\/7813","targetHints":{"allow":["GET"]}}],"collection":[{"href":"https:\/\/www.giusseppe.net\/blog\/wp-json\/wp\/v2\/posts"}],"about":[{"href":"https:\/\/www.giusseppe.net\/blog\/wp-json\/wp\/v2\/types\/post"}],"author":[{"embeddable":true,"href":"https:\/\/www.giusseppe.net\/blog\/wp-json\/wp\/v2\/users\/1"}],"replies":[{"embeddable":true,"href":"https:\/\/www.giusseppe.net\/blog\/wp-json\/wp\/v2\/comments?post=7813"}],"version-history":[{"count":1,"href":"https:\/\/www.giusseppe.net\/blog\/wp-json\/wp\/v2\/posts\/7813\/revisions"}],"predecessor-version":[{"id":7814,"href":"https:\/\/www.giusseppe.net\/blog\/wp-json\/wp\/v2\/posts\/7813\/revisions\/7814"}],"wp:attachment":[{"href":"https:\/\/www.giusseppe.net\/blog\/wp-json\/wp\/v2\/media?parent=7813"}],"wp:term":[{"taxonomy":"category","embeddable":true,"href":"https:\/\/www.giusseppe.net\/blog\/wp-json\/wp\/v2\/categories?post=7813"},{"taxonomy":"post_tag","embeddable":true,"href":"https:\/\/www.giusseppe.net\/blog\/wp-json\/wp\/v2\/tags?post=7813"}],"curies":[{"name":"wp","href":"https:\/\/api.w.org\/{rel}","templated":true}]}}