{"id":13662,"date":"2026-08-31T08:31:12","date_gmt":"2026-08-31T06:31:12","guid":{"rendered":"https:\/\/www.giusseppe.net\/blog\/?p=13662"},"modified":"2026-08-26T12:47:13","modified_gmt":"2026-08-26T10:47:13","slug":"poema-que-deja-huella","status":"publish","type":"post","link":"https:\/\/www.giusseppe.net\/blog\/archivo\/2026\/08\/31\/poema-que-deja-huella\/","title":{"rendered":"Poema que deja huella"},"content":{"rendered":"<p><img decoding=\"async\" src=\"https:\/\/www.giusseppe.net\/blog\/wp-content\/uploads\/2026\/08\/huellas.jpeg\" alt=\"\" width=\"100%\" class=\"aligncenter size-full wp-image-13663\" srcset=\"https:\/\/www.giusseppe.net\/blog\/wp-content\/uploads\/2026\/08\/huellas.jpeg 1708w, https:\/\/www.giusseppe.net\/blog\/wp-content\/uploads\/2026\/08\/huellas-300x155.jpeg 300w, https:\/\/www.giusseppe.net\/blog\/wp-content\/uploads\/2026\/08\/huellas-800x414.jpeg 800w, https:\/\/www.giusseppe.net\/blog\/wp-content\/uploads\/2026\/08\/huellas-768x397.jpeg 768w, https:\/\/www.giusseppe.net\/blog\/wp-content\/uploads\/2026\/08\/huellas-1536x795.jpeg 1536w\" sizes=\"(max-width: 1708px) 100vw, 1708px\" \/><\/p>\n<p>Sobre unas plantillas de calzado que han estado a\u00f1os alrededor, desde que me las donase Sara Mansouri para \u00abmis cosas\u00bb, he escrito con sellos estos peque\u00f1os textos que da fe de que <a href=\"https:\/\/www.giusseppe.net\/blog\/archivo\/2024\/09\/25\/soporte\/\">cualquier soporte es un libro de poemas<\/a>.<\/p>\n<p>Una de estas huella-poes\u00eda ha de ser para Sara. Creo que, incluso, se la enviar\u00e9 por correo postal, como corresponde. \ud83d\ude42<\/p>\n","protected":false},"excerpt":{"rendered":"<p>Sobre unas plantillas de calzado que han estado a\u00f1os alrededor, desde que me las donase Sara Mansouri para \u00abmis cosas\u00bb, he escrito con sellos estos peque\u00f1os textos que da fe de que cualquier soporte es un libro de poemas. Una de estas huella-poes\u00eda ha de ser para Sara. Creo que, incluso, se la enviar\u00e9 por &#8230; <a title=\"Poema que deja huella\" class=\"read-more\" href=\"https:\/\/www.giusseppe.net\/blog\/archivo\/2026\/08\/31\/poema-que-deja-huella\/\">Read more<span class=\"screen-reader-text\">Poema que deja huella<\/span><\/a><\/p>\n","protected":false},"author":1,"featured_media":0,"comment_status":"closed","ping_status":"closed","sticky":false,"template":"","format":"standard","meta":{"footnotes":""},"categories":[12,261],"tags":[67,96,112,235,220,91,372,137,221],"class_list":["post-13662","post","type-post","status-publish","format-standard","hentry","category-poemas","category-poesia-visual","tag-creatividad","tag-detalles","tag-giusseppe","tag-mailart","tag-objetual","tag-poesia","tag-regalos","tag-tonterias","tag-visual"],"_links":{"self":[{"href":"https:\/\/www.giusseppe.net\/blog\/wp-json\/wp\/v2\/posts\/13662","targetHints":{"allow":["GET"]}}],"collection":[{"href":"https:\/\/www.giusseppe.net\/blog\/wp-json\/wp\/v2\/posts"}],"about":[{"href":"https:\/\/www.giusseppe.net\/blog\/wp-json\/wp\/v2\/types\/post"}],"author":[{"embeddable":true,"href":"https:\/\/www.giusseppe.net\/blog\/wp-json\/wp\/v2\/users\/1"}],"replies":[{"embeddable":true,"href":"https:\/\/www.giusseppe.net\/blog\/wp-json\/wp\/v2\/comments?post=13662"}],"version-history":[{"count":2,"href":"https:\/\/www.giusseppe.net\/blog\/wp-json\/wp\/v2\/posts\/13662\/revisions"}],"predecessor-version":[{"id":13665,"href":"https:\/\/www.giusseppe.net\/blog\/wp-json\/wp\/v2\/posts\/13662\/revisions\/13665"}],"wp:attachment":[{"href":"https:\/\/www.giusseppe.net\/blog\/wp-json\/wp\/v2\/media?parent=13662"}],"wp:term":[{"taxonomy":"category","embeddable":true,"href":"https:\/\/www.giusseppe.net\/blog\/wp-json\/wp\/v2\/categories?post=13662"},{"taxonomy":"post_tag","embeddable":true,"href":"https:\/\/www.giusseppe.net\/blog\/wp-json\/wp\/v2\/tags?post=13662"}],"curies":[{"name":"wp","href":"https:\/\/api.w.org\/{rel}","templated":true}]}}